[{"@context":"https:\/\/schema.org\/","@type":"Article","@id":"https:\/\/www.oscon.cz\/vybaveni-pro-cyklistiku\/#Article","mainEntityOfPage":"https:\/\/www.oscon.cz\/vybaveni-pro-cyklistiku\/","headline":"Vybaven\u00ed pro cyklistiku","name":"Vybaven\u00ed pro cyklistiku","description":"Jestli\u017ee chceme za\u010d\u00edt jezdit na kole del\u0161\u00ed trasy, tak bychom se m\u011bli dob\u0159e vybavit a db\u00e1t na bezpe\u010dnost. D\u016fle\u017eit\u00e9 je taky vhodn\u00e9 sportovn\u00ed oble\u010den\u00ed. Vybaven\u00ed pro cyklistiku Spr\u00e1vn\u00e1 v\u00fdbava Kolo je dobr\u00fd dopravn\u00ed prost\u0159edek na krat\u0161\u00ed vzd\u00e1lenosti a v\u00fdlety. P\u0159i j\u00edzd\u011b t\u0159eba kousek do obchodu toho \u0159e\u0161it moc nemus\u00edme, ale u v\u00fdletu s d\u00e9lkou des\u00edtek...","datePublished":"2021-07-06","dateModified":"2023-05-22","author":{"@type":"Person","@id":"https:\/\/www.oscon.cz\/author\/#Person","name":"","url":"https:\/\/www.oscon.cz\/author\/","identifier":1,"image":{"@type":"ImageObject","@id":"https:\/\/secure.gravatar.com\/avatar\/9bbe1b3bd68cf5b616cc697a459b86e3be4df6c120806baf939f8aad94b0a3d6?s=96&d=mm&r=g","url":"https:\/\/secure.gravatar.com\/avatar\/9bbe1b3bd68cf5b616cc697a459b86e3be4df6c120806baf939f8aad94b0a3d6?s=96&d=mm&r=g","height":96,"width":96}},"publisher":{"@type":"Organization","name":"oscon.cz","logo":{"@type":"ImageObject","@id":"\/logo.png","url":"\/logo.png","width":600,"height":60}},"image":{"@type":"ImageObject","@id":"https:\/\/www.oscon.cz\/wp-content\/uploads\/j%C3%ADzda%20na%20kol_1.jpg","url":"https:\/\/www.oscon.cz\/wp-content\/uploads\/j%C3%ADzda%20na%20kol_1.jpg","height":0,"width":0},"url":"https:\/\/www.oscon.cz\/vybaveni-pro-cyklistiku\/","about":["V\u00fdrobky"],"wordCount":514,"articleBody":"             Jestli\u017ee chceme za\u010d\u00edt jezdit na kole del\u0161\u00ed trasy, tak bychom se m\u011bli dob\u0159e vybavit a db\u00e1t na bezpe\u010dnost. D\u016fle\u017eit\u00e9 je taky vhodn\u00e9 sportovn\u00ed oble\u010den\u00ed. Vybaven\u00ed pro cyklistiku Spr\u00e1vn\u00e1 v\u00fdbava Kolo je dobr\u00fd dopravn\u00ed prost\u0159edek na krat\u0161\u00ed vzd\u00e1lenosti a v\u00fdlety. P\u0159i j\u00edzd\u011b t\u0159eba kousek do obchodu toho \u0159e\u0161it moc nemus\u00edme, ale u v\u00fdletu s d\u00e9lkou des\u00edtek kilometr\u016f se hod\u00ed m\u00edt v\u0161e v po\u0159\u00eddku, aby se n\u00e1m n\u011bco nep\u0159ihodili, nebo jsme nez\u016fstali n\u011bkde uprost\u0159ed ni\u010deho. Prvn\u00ed v\u011bc\u00ed, na kterou mus\u00edme d\u00e1vat pozor je p\u0159edn\u00ed i zadn\u00ed brzda, proto\u017ee bez toho nem\u016f\u017eeme bezpe\u010dn\u011b jezdit.  D\u00e1le mus\u00edme db\u00e1t na vyhl\u00e1\u0161ku, kter\u00e9 je d\u016fle\u017eit\u00e1 pro bezpe\u010dnost. Zaprv\u00e9 mus\u00edme db\u00e1t na odrazky, p\u0159i\u010dem\u017e vep\u0159edu je pot\u0159eba b\u00edl\u00e1, vzadu \u010derven\u00e1 a na kolech m\u016f\u017eou b\u00fdt oran\u017eov\u00e9. V noci a p\u0159i sn\u00ed\u017een\u00e9 viditelnosti je pot\u0159eba vep\u0159edu b\u00edl\u00e9 sv\u011btlo a vzadu blika\u010dka, aby n\u00e1s bylo dob\u0159e vid\u011bt. Hod\u00ed se i takov\u00fd zvonek, proto\u017ee t\u00edm m\u016f\u017eeme d\u00e1vat v\u00fdstra\u017en\u00e9 znamen\u00ed, kter\u00e9 m\u016f\u017ee zabr\u00e1nit t\u0159eba kolizi s chodci. P\u0159i j\u00edzd\u011b v de\u0161ti pot\u0159ebujeme tak\u00e9 blatn\u00edky, aby \u0161p\u00edna neprskala na n\u00e1s. D\u00e1le se hod\u00ed m\u00edt n\u00e1\u0159ad\u00ed a sadu na lepen\u00ed du\u0161\u00ed, kdyby n\u00e1s potkal n\u011bjak\u00fd probl\u00e9m. Sportovn\u00ed oble\u010den\u00ed Na kole se mus\u00edme dost h\u00fdbat, abychom se jenom tak neplou\u017eili a jeli p\u011bknou rychlost\u00ed. Z toho plyne, https:\/\/www.databazeknih.cz\/knihy\/jak-plyne-cas-22301  \u017ee se p\u0159i hork\u00fdch letn\u00edch dnech \u010dasto nevyhneme pocen\u00ed. Aby byl pot z t\u011bla dob\u0159e odv\u00e1d\u011bn a n\u00e1m bylo i p\u0159i velk\u00e9 n\u00e1maze p\u0159\u00edjemn\u011b, tak pot\u0159ebujeme vhodn\u00e9 oble\u010den\u00ed. Z tohoto d\u016fvodu je tu Craft cyklo, co\u017e je oble\u010den\u00ed ur\u010den\u00e9 p\u0159\u00edmo pro j\u00edzdu na kole. Jedn\u00e1 se o bundy, kalhoty, dresy, dopl\u0148ky a dal\u0161\u00ed v\u011bci. Mezi hlavn\u00ed rozd\u00edly oproti b\u011b\u017en\u00e9mu oble\u010den\u00ed je speci\u00e1ln\u00ed st\u0159ih, kter\u00fd hezky sed\u00ed na t\u011blo.  D\u00e1le je rozd\u00edl v materi\u00e1lu, proto\u017ee ten n\u00e1m odv\u00e1d\u00ed dob\u0159e pot a z\u00e1rove\u0148 p\u0159i chladn\u011bj\u0161\u00edm po\u010das\u00edm zah\u0159eje, co\u017e je ide\u00e1ln\u00ed kombinace. Nen\u00ed probl\u00e9m koupit si kompletn\u00ed set a vyrazit s n\u00edm i p\u0159i ni\u017en\u00edch teplot\u00e1ch, proto\u017ee si m\u016f\u017eeme vz\u00edt dres a na n\u011bj cyklistickou bundu. Produkt\u016f je spousta, tak\u017ee si budete moci vyb\u00edrat, aby se V\u00e1m l\u00edbili, a je\u0161t\u011b k tomu V\u00e1m pasovali. S takov\u00fdm oble\u010den\u00edm m\u016f\u017eete klidn\u011b vyrazit na dlouh\u00e9 vyj\u00ed\u017e\u010fky a nebude s nimi \u017e\u00e1dn\u00fd probl\u00e9m.                                                                                                                                                                                                                                                                                                                                                                                          4.3\/5 - (6 votes)        "},{"@context":"https:\/\/schema.org\/","@type":"BreadcrumbList","itemListElement":[{"@type":"ListItem","position":1,"name":"Vybaven\u00ed pro cyklistiku","item":"https:\/\/www.oscon.cz\/vybaveni-pro-cyklistiku\/#breadcrumbitem"}]}]