[{"@context":"https:\/\/schema.org\/","@type":"Blog","@id":"https:\/\/www.oscon.cz#Blog","headline":"Oscon","description":"\nPravda z\u016fstane v\u017edycky pravdou a le\u017e z\u016fstane v\u017edy l\u017e\u00ed. To je odv\u011bk\u00e1 pravda. A na na\u0161em webu to ct\u00edme a nevyd\u00e1v\u00e1me tak z\u00e1sadn\u011b \u017e\u00e1dnou le\u017e za pravdu.","url":"https:\/\/www.oscon.cz","hasPart":[{"@type":"Article","@id":"https:\/\/www.oscon.cz\/provadime-kvalitni-montaze\/","headline":"Prov\u00e1d\u00edme kvalitn\u00ed mont\u00e1\u017ee","url":"https:\/\/www.oscon.cz\/provadime-kvalitni-montaze\/","datePublished":"2025-07-16","dateModified":"2025-07-16","mainEntityOfPage":"https:\/\/www.oscon.cz\/provadime-kvalitni-montaze\/","author":{"@type":"Person","@id":"https:\/\/www.oscon.cz\/author\/#Person","name":"","url":"https:\/\/www.oscon.cz\/author\/","identifier":1,"image":{"@type":"ImageObject","@id":"https:\/\/secure.gravatar.com\/avatar\/9bbe1b3bd68cf5b616cc697a459b86e3be4df6c120806baf939f8aad94b0a3d6?s=96&d=mm&r=g","url":"https:\/\/secure.gravatar.com\/avatar\/9bbe1b3bd68cf5b616cc697a459b86e3be4df6c120806baf939f8aad94b0a3d6?s=96&d=mm&r=g","height":96,"width":96}},"publisher":{"@type":"Organization","name":"oscon.cz","logo":{"@type":"ImageObject","@id":"\/logo.png","url":"\/logo.png","width":600,"height":60}},"image":null,"wordCount":213,"keywords":null},{"@type":"Article","@id":"https:\/\/www.oscon.cz\/rozpoznejte-kdo-je-kdo-behem-chvilky\/","headline":"Rozpoznejte kdo je kdo b\u011bhem chvilky","url":"https:\/\/www.oscon.cz\/rozpoznejte-kdo-je-kdo-behem-chvilky\/","datePublished":"2025-07-11","dateModified":"2025-07-11","mainEntityOfPage":"https:\/\/www.oscon.cz\/rozpoznejte-kdo-je-kdo-behem-chvilky\/","author":{"@type":"Person","@id":"https:\/\/www.oscon.cz\/author\/#Person","name":"","url":"https:\/\/www.oscon.cz\/author\/","identifier":1,"image":{"@type":"ImageObject","@id":"https:\/\/secure.gravatar.com\/avatar\/9bbe1b3bd68cf5b616cc697a459b86e3be4df6c120806baf939f8aad94b0a3d6?s=96&d=mm&r=g","url":"https:\/\/secure.gravatar.com\/avatar\/9bbe1b3bd68cf5b616cc697a459b86e3be4df6c120806baf939f8aad94b0a3d6?s=96&d=mm&r=g","height":96,"width":96}},"publisher":{"@type":"Organization","name":"oscon.cz","logo":{"@type":"ImageObject","@id":"\/logo.png","url":"\/logo.png","width":600,"height":60}},"image":null,"wordCount":195,"keywords":null},{"@type":"Article","@id":"https:\/\/www.oscon.cz\/vymena-oken-na-klatovsku-za-nova-okna-z-plastu\/","headline":"V\u00fdm\u011bna oken na Klatovsku za nov\u00e1 okna z plastu","url":"https:\/\/www.oscon.cz\/vymena-oken-na-klatovsku-za-nova-okna-z-plastu\/","datePublished":"2025-07-05","dateModified":"2025-07-05","mainEntityOfPage":"https:\/\/www.oscon.cz\/vymena-oken-na-klatovsku-za-nova-okna-z-plastu\/","author":{"@type":"Person","@id":"https:\/\/www.oscon.cz\/author\/#Person","name":"","url":"https:\/\/www.oscon.cz\/author\/","identifier":1,"image":{"@type":"ImageObject","@id":"https:\/\/secure.gravatar.com\/avatar\/9bbe1b3bd68cf5b616cc697a459b86e3be4df6c120806baf939f8aad94b0a3d6?s=96&d=mm&r=g","url":"https:\/\/secure.gravatar.com\/avatar\/9bbe1b3bd68cf5b616cc697a459b86e3be4df6c120806baf939f8aad94b0a3d6?s=96&d=mm&r=g","height":96,"width":96}},"publisher":{"@type":"Organization","name":"oscon.cz","logo":{"@type":"ImageObject","@id":"\/logo.png","url":"\/logo.png","width":600,"height":60}},"image":{"@type":"ImageObject","@id":"https:\/\/www.oscon.cz\/wp-content\/uploads\/svihov-1927710_640.jpg","url":"https:\/\/www.oscon.cz\/wp-content\/uploads\/svihov-1927710_640.jpg","height":0,"width":0},"wordCount":521,"keywords":null},{"@type":"Article","@id":"https:\/\/www.oscon.cz\/zazijte-znovu-to-praskani-prehrad\/","headline":"Za\u017eijte znovu to prask\u00e1n\u00ed p\u0159ehrad","url":"https:\/\/www.oscon.cz\/zazijte-znovu-to-praskani-prehrad\/","datePublished":"2025-07-04","dateModified":"2025-07-04","mainEntityOfPage":"https:\/\/www.oscon.cz\/zazijte-znovu-to-praskani-prehrad\/","author":{"@type":"Person","@id":"https:\/\/www.oscon.cz\/author\/#Person","name":"","url":"https:\/\/www.oscon.cz\/author\/","identifier":1,"image":{"@type":"ImageObject","@id":"https:\/\/secure.gravatar.com\/avatar\/9bbe1b3bd68cf5b616cc697a459b86e3be4df6c120806baf939f8aad94b0a3d6?s=96&d=mm&r=g","url":"https:\/\/secure.gravatar.com\/avatar\/9bbe1b3bd68cf5b616cc697a459b86e3be4df6c120806baf939f8aad94b0a3d6?s=96&d=mm&r=g","height":96,"width":96}},"publisher":{"@type":"Organization","name":"oscon.cz","logo":{"@type":"ImageObject","@id":"\/logo.png","url":"\/logo.png","width":600,"height":60}},"image":null,"wordCount":227,"keywords":null},{"@type":"Article","@id":"https:\/\/www.oscon.cz\/mlsejte-chutne-i-kdyz-jste-alergicti-na-lepek\/","headline":"Mlsejte chutn\u011b, i kdy\u017e jste alergi\u010dt\u00ed na lepek","url":"https:\/\/www.oscon.cz\/mlsejte-chutne-i-kdyz-jste-alergicti-na-lepek\/","datePublished":"2025-06-27","dateModified":"2025-06-27","mainEntityOfPage":"https:\/\/www.oscon.cz\/mlsejte-chutne-i-kdyz-jste-alergicti-na-lepek\/","author":{"@type":"Person","@id":"https:\/\/www.oscon.cz\/author\/#Person","name":"","url":"https:\/\/www.oscon.cz\/author\/","identifier":1,"image":{"@type":"ImageObject","@id":"https:\/\/secure.gravatar.com\/avatar\/9bbe1b3bd68cf5b616cc697a459b86e3be4df6c120806baf939f8aad94b0a3d6?s=96&d=mm&r=g","url":"https:\/\/secure.gravatar.com\/avatar\/9bbe1b3bd68cf5b616cc697a459b86e3be4df6c120806baf939f8aad94b0a3d6?s=96&d=mm&r=g","height":96,"width":96}},"publisher":{"@type":"Organization","name":"oscon.cz","logo":{"@type":"ImageObject","@id":"\/logo.png","url":"\/logo.png","width":600,"height":60}},"image":null,"wordCount":206,"keywords":null},{"@type":"Article","@id":"https:\/\/www.oscon.cz\/pobyt-ve-slovenske-prirode\/","headline":"Pobyt ve slovensk\u00e9 p\u0159\u00edrod\u011b","url":"https:\/\/www.oscon.cz\/pobyt-ve-slovenske-prirode\/","datePublished":"2025-06-22","dateModified":"2025-06-22","mainEntityOfPage":"https:\/\/www.oscon.cz\/pobyt-ve-slovenske-prirode\/","author":{"@type":"Person","@id":"https:\/\/www.oscon.cz\/author\/#Person","name":"","url":"https:\/\/www.oscon.cz\/author\/","identifier":1,"image":{"@type":"ImageObject","@id":"https:\/\/secure.gravatar.com\/avatar\/9bbe1b3bd68cf5b616cc697a459b86e3be4df6c120806baf939f8aad94b0a3d6?s=96&d=mm&r=g","url":"https:\/\/secure.gravatar.com\/avatar\/9bbe1b3bd68cf5b616cc697a459b86e3be4df6c120806baf939f8aad94b0a3d6?s=96&d=mm&r=g","height":96,"width":96}},"publisher":{"@type":"Organization","name":"oscon.cz","logo":{"@type":"ImageObject","@id":"\/logo.png","url":"\/logo.png","width":600,"height":60}},"image":null,"wordCount":189,"keywords":null},{"@type":"Article","@id":"https:\/\/www.oscon.cz\/oblekejte-po-cely-rok\/","headline":"Obl\u00e9kejte po cel\u00fd rok","url":"https:\/\/www.oscon.cz\/oblekejte-po-cely-rok\/","datePublished":"2025-06-15","dateModified":"2025-06-15","mainEntityOfPage":"https:\/\/www.oscon.cz\/oblekejte-po-cely-rok\/","author":{"@type":"Person","@id":"https:\/\/www.oscon.cz\/author\/#Person","name":"","url":"https:\/\/www.oscon.cz\/author\/","identifier":1,"image":{"@type":"ImageObject","@id":"https:\/\/secure.gravatar.com\/avatar\/9bbe1b3bd68cf5b616cc697a459b86e3be4df6c120806baf939f8aad94b0a3d6?s=96&d=mm&r=g","url":"https:\/\/secure.gravatar.com\/avatar\/9bbe1b3bd68cf5b616cc697a459b86e3be4df6c120806baf939f8aad94b0a3d6?s=96&d=mm&r=g","height":96,"width":96}},"publisher":{"@type":"Organization","name":"oscon.cz","logo":{"@type":"ImageObject","@id":"\/logo.png","url":"\/logo.png","width":600,"height":60}},"image":null,"wordCount":285,"keywords":null},{"@type":"Article","@id":"https:\/\/www.oscon.cz\/co-delat-kdyz-se-vam-prolezi-matrace\/","headline":"Co d\u011blat, kdy\u017e se v\u00e1m prole\u017e\u00ed matrace?","url":"https:\/\/www.oscon.cz\/co-delat-kdyz-se-vam-prolezi-matrace\/","datePublished":"2025-06-11","dateModified":"2025-06-11","mainEntityOfPage":"https:\/\/www.oscon.cz\/co-delat-kdyz-se-vam-prolezi-matrace\/","author":{"@type":"Person","@id":"https:\/\/www.oscon.cz\/author\/#Person","name":"","url":"https:\/\/www.oscon.cz\/author\/","identifier":1,"image":{"@type":"ImageObject","@id":"https:\/\/secure.gravatar.com\/avatar\/9bbe1b3bd68cf5b616cc697a459b86e3be4df6c120806baf939f8aad94b0a3d6?s=96&d=mm&r=g","url":"https:\/\/secure.gravatar.com\/avatar\/9bbe1b3bd68cf5b616cc697a459b86e3be4df6c120806baf939f8aad94b0a3d6?s=96&d=mm&r=g","height":96,"width":96}},"publisher":{"@type":"Organization","name":"oscon.cz","logo":{"@type":"ImageObject","@id":"\/logo.png","url":"\/logo.png","width":600,"height":60}},"image":{"@type":"ImageObject","@id":"https:\/\/www.oscon.cz\/wp-content\/uploads\/andrik-langfield-WBRaUr7xMDo-unsplash.jpg","url":"https:\/\/www.oscon.cz\/wp-content\/uploads\/andrik-langfield-WBRaUr7xMDo-unsplash.jpg","height":0,"width":0},"wordCount":597,"keywords":null},{"@type":"Article","@id":"https:\/\/www.oscon.cz\/skvely-ulozny-prostor\/","headline":"Skv\u011bl\u00fd \u00falo\u017en\u00fd prostor","url":"https:\/\/www.oscon.cz\/skvely-ulozny-prostor\/","datePublished":"2025-06-08","dateModified":"2025-06-08","mainEntityOfPage":"https:\/\/www.oscon.cz\/skvely-ulozny-prostor\/","author":{"@type":"Person","@id":"https:\/\/www.oscon.cz\/author\/#Person","name":"","url":"https:\/\/www.oscon.cz\/author\/","identifier":1,"image":{"@type":"ImageObject","@id":"https:\/\/secure.gravatar.com\/avatar\/9bbe1b3bd68cf5b616cc697a459b86e3be4df6c120806baf939f8aad94b0a3d6?s=96&d=mm&r=g","url":"https:\/\/secure.gravatar.com\/avatar\/9bbe1b3bd68cf5b616cc697a459b86e3be4df6c120806baf939f8aad94b0a3d6?s=96&d=mm&r=g","height":96,"width":96}},"publisher":{"@type":"Organization","name":"oscon.cz","logo":{"@type":"ImageObject","@id":"\/logo.png","url":"\/logo.png","width":600,"height":60}},"image":null,"wordCount":231,"keywords":null},{"@type":"Article","@id":"https:\/\/www.oscon.cz\/provedeme-vystavbu-sadrokartonovych-pricek\/","headline":"Provedeme v\u00fdstavbu s\u00e1drokartonov\u00fdch p\u0159\u00ed\u010dek","url":"https:\/\/www.oscon.cz\/provedeme-vystavbu-sadrokartonovych-pricek\/","datePublished":"2025-05-30","dateModified":"2025-05-30","mainEntityOfPage":"https:\/\/www.oscon.cz\/provedeme-vystavbu-sadrokartonovych-pricek\/","author":{"@type":"Person","@id":"https:\/\/www.oscon.cz\/author\/#Person","name":"","url":"https:\/\/www.oscon.cz\/author\/","identifier":1,"image":{"@type":"ImageObject","@id":"https:\/\/secure.gravatar.com\/avatar\/9bbe1b3bd68cf5b616cc697a459b86e3be4df6c120806baf939f8aad94b0a3d6?s=96&d=mm&r=g","url":"https:\/\/secure.gravatar.com\/avatar\/9bbe1b3bd68cf5b616cc697a459b86e3be4df6c120806baf939f8aad94b0a3d6?s=96&d=mm&r=g","height":96,"width":96}},"publisher":{"@type":"Organization","name":"oscon.cz","logo":{"@type":"ImageObject","@id":"\/logo.png","url":"\/logo.png","width":600,"height":60}},"image":null,"wordCount":193,"keywords":null}]},{"@context":"https:\/\/schema.org","@type":"WebSite","@id":"https:\/\/www.oscon.cz\/#website","name":"Oscon","url":"https:\/\/www.oscon.cz","potentialAction":{"@type":"SearchAction","target":"https:\/\/www.oscon.cz\/?s={search_term_string}","query-input":"required name=search_term_string"}}]