[{"@context":"https:\/\/schema.org\/","@type":"Blog","@id":"https:\/\/www.oscon.cz#Blog","headline":"Oscon","description":"\nPravda z\u016fstane v\u017edycky pravdou a le\u017e z\u016fstane v\u017edy l\u017e\u00ed. To je odv\u011bk\u00e1 pravda. A na na\u0161em webu to ct\u00edme a nevyd\u00e1v\u00e1me tak z\u00e1sadn\u011b \u017e\u00e1dnou le\u017e za pravdu.","url":"https:\/\/www.oscon.cz","hasPart":[{"@type":"Article","@id":"https:\/\/www.oscon.cz\/co-delat-kdyz-se-vam-prolezi-matrace\/","headline":"Co d\u011blat, kdy\u017e se v\u00e1m prole\u017e\u00ed matrace?","url":"https:\/\/www.oscon.cz\/co-delat-kdyz-se-vam-prolezi-matrace\/","datePublished":"2025-06-11","dateModified":"2025-06-11","mainEntityOfPage":"https:\/\/www.oscon.cz\/co-delat-kdyz-se-vam-prolezi-matrace\/","author":{"@type":"Person","@id":"https:\/\/www.oscon.cz\/author\/#Person","name":"","url":"https:\/\/www.oscon.cz\/author\/","identifier":1,"image":{"@type":"ImageObject","@id":"https:\/\/secure.gravatar.com\/avatar\/9bbe1b3bd68cf5b616cc697a459b86e3be4df6c120806baf939f8aad94b0a3d6?s=96&d=mm&r=g","url":"https:\/\/secure.gravatar.com\/avatar\/9bbe1b3bd68cf5b616cc697a459b86e3be4df6c120806baf939f8aad94b0a3d6?s=96&d=mm&r=g","height":96,"width":96}},"publisher":{"@type":"Organization","name":"oscon.cz","logo":{"@type":"ImageObject","@id":"\/logo.png","url":"\/logo.png","width":600,"height":60}},"image":{"@type":"ImageObject","@id":"https:\/\/www.oscon.cz\/wp-content\/uploads\/andrik-langfield-WBRaUr7xMDo-unsplash.jpg","url":"https:\/\/www.oscon.cz\/wp-content\/uploads\/andrik-langfield-WBRaUr7xMDo-unsplash.jpg","height":0,"width":0},"wordCount":597,"keywords":null},{"@type":"Article","@id":"https:\/\/www.oscon.cz\/materialove-slozeni-garnyzi-je-velmi-vynikajici\/","headline":"Materi\u00e1lov\u00e9 slo\u017een\u00ed garn\u00fd\u017e\u00ed je velmi vynikaj\u00edc\u00ed","url":"https:\/\/www.oscon.cz\/materialove-slozeni-garnyzi-je-velmi-vynikajici\/","datePublished":"2025-04-29","dateModified":"2025-04-29","mainEntityOfPage":"https:\/\/www.oscon.cz\/materialove-slozeni-garnyzi-je-velmi-vynikajici\/","author":{"@type":"Person","@id":"https:\/\/www.oscon.cz\/author\/#Person","name":"","url":"https:\/\/www.oscon.cz\/author\/","identifier":1,"image":{"@type":"ImageObject","@id":"https:\/\/secure.gravatar.com\/avatar\/9bbe1b3bd68cf5b616cc697a459b86e3be4df6c120806baf939f8aad94b0a3d6?s=96&d=mm&r=g","url":"https:\/\/secure.gravatar.com\/avatar\/9bbe1b3bd68cf5b616cc697a459b86e3be4df6c120806baf939f8aad94b0a3d6?s=96&d=mm&r=g","height":96,"width":96}},"publisher":{"@type":"Organization","name":"oscon.cz","logo":{"@type":"ImageObject","@id":"\/logo.png","url":"\/logo.png","width":600,"height":60}},"image":null,"wordCount":217,"keywords":null},{"@type":"Article","@id":"https:\/\/www.oscon.cz\/podnikatelska-pujcka-je-vhodna-take-pro-uplne-novacky\/","headline":"Podnikatelsk\u00e1 p\u016fj\u010dka je vhodn\u00e1 tak\u00e9 pro \u00fapln\u00e9 nov\u00e1\u010dky","url":"https:\/\/www.oscon.cz\/podnikatelska-pujcka-je-vhodna-take-pro-uplne-novacky\/","datePublished":"2025-04-24","dateModified":"2025-04-24","mainEntityOfPage":"https:\/\/www.oscon.cz\/podnikatelska-pujcka-je-vhodna-take-pro-uplne-novacky\/","author":{"@type":"Person","@id":"https:\/\/www.oscon.cz\/author\/#Person","name":"","url":"https:\/\/www.oscon.cz\/author\/","identifier":1,"image":{"@type":"ImageObject","@id":"https:\/\/secure.gravatar.com\/avatar\/9bbe1b3bd68cf5b616cc697a459b86e3be4df6c120806baf939f8aad94b0a3d6?s=96&d=mm&r=g","url":"https:\/\/secure.gravatar.com\/avatar\/9bbe1b3bd68cf5b616cc697a459b86e3be4df6c120806baf939f8aad94b0a3d6?s=96&d=mm&r=g","height":96,"width":96}},"publisher":{"@type":"Organization","name":"oscon.cz","logo":{"@type":"ImageObject","@id":"\/logo.png","url":"\/logo.png","width":600,"height":60}},"image":{"@type":"ImageObject","@id":"https:\/\/www.oscon.cz\/wp-content\/uploads\/pujcka_5ubjZL.jpg","url":"https:\/\/www.oscon.cz\/wp-content\/uploads\/pujcka_5ubjZL.jpg","height":0,"width":0},"wordCount":713,"keywords":null},{"@type":"Article","@id":"https:\/\/www.oscon.cz\/tvorte-rekordy\/","headline":"Tvo\u0159te rekordy","url":"https:\/\/www.oscon.cz\/tvorte-rekordy\/","datePublished":"2025-04-22","dateModified":"2025-04-22","mainEntityOfPage":"https:\/\/www.oscon.cz\/tvorte-rekordy\/","author":{"@type":"Person","@id":"https:\/\/www.oscon.cz\/author\/#Person","name":"","url":"https:\/\/www.oscon.cz\/author\/","identifier":1,"image":{"@type":"ImageObject","@id":"https:\/\/secure.gravatar.com\/avatar\/9bbe1b3bd68cf5b616cc697a459b86e3be4df6c120806baf939f8aad94b0a3d6?s=96&d=mm&r=g","url":"https:\/\/secure.gravatar.com\/avatar\/9bbe1b3bd68cf5b616cc697a459b86e3be4df6c120806baf939f8aad94b0a3d6?s=96&d=mm&r=g","height":96,"width":96}},"publisher":{"@type":"Organization","name":"oscon.cz","logo":{"@type":"ImageObject","@id":"\/logo.png","url":"\/logo.png","width":600,"height":60}},"image":null,"wordCount":205,"keywords":null},{"@type":"Article","@id":"https:\/\/www.oscon.cz\/tonovani-autoskel\/","headline":"T\u00f3nov\u00e1n\u00ed autoskel","url":"https:\/\/www.oscon.cz\/tonovani-autoskel\/","datePublished":"2025-04-14","dateModified":"2025-04-14","mainEntityOfPage":"https:\/\/www.oscon.cz\/tonovani-autoskel\/","author":{"@type":"Person","@id":"https:\/\/www.oscon.cz\/author\/#Person","name":"","url":"https:\/\/www.oscon.cz\/author\/","identifier":1,"image":{"@type":"ImageObject","@id":"https:\/\/secure.gravatar.com\/avatar\/9bbe1b3bd68cf5b616cc697a459b86e3be4df6c120806baf939f8aad94b0a3d6?s=96&d=mm&r=g","url":"https:\/\/secure.gravatar.com\/avatar\/9bbe1b3bd68cf5b616cc697a459b86e3be4df6c120806baf939f8aad94b0a3d6?s=96&d=mm&r=g","height":96,"width":96}},"publisher":{"@type":"Organization","name":"oscon.cz","logo":{"@type":"ImageObject","@id":"\/logo.png","url":"\/logo.png","width":600,"height":60}},"image":null,"wordCount":222,"keywords":null},{"@type":"Article","@id":"https:\/\/www.oscon.cz\/chcete-auto-na-tyden-nebo-jen-na-den\/","headline":"Chcete auto na t\u00fdden nebo jen na den?","url":"https:\/\/www.oscon.cz\/chcete-auto-na-tyden-nebo-jen-na-den\/","datePublished":"2025-04-05","dateModified":"2025-04-05","mainEntityOfPage":"https:\/\/www.oscon.cz\/chcete-auto-na-tyden-nebo-jen-na-den\/","author":{"@type":"Person","@id":"https:\/\/www.oscon.cz\/author\/#Person","name":"","url":"https:\/\/www.oscon.cz\/author\/","identifier":1,"image":{"@type":"ImageObject","@id":"https:\/\/secure.gravatar.com\/avatar\/9bbe1b3bd68cf5b616cc697a459b86e3be4df6c120806baf939f8aad94b0a3d6?s=96&d=mm&r=g","url":"https:\/\/secure.gravatar.com\/avatar\/9bbe1b3bd68cf5b616cc697a459b86e3be4df6c120806baf939f8aad94b0a3d6?s=96&d=mm&r=g","height":96,"width":96}},"publisher":{"@type":"Organization","name":"oscon.cz","logo":{"@type":"ImageObject","@id":"\/logo.png","url":"\/logo.png","width":600,"height":60}},"image":null,"wordCount":243,"keywords":null},{"@type":"Article","@id":"https:\/\/www.oscon.cz\/i-zaclony-mohou-byt-chloubou-vaseho-domova\/","headline":"I z\u00e1clony mohou b\u00fdt chloubou va\u0161eho domova","url":"https:\/\/www.oscon.cz\/i-zaclony-mohou-byt-chloubou-vaseho-domova\/","datePublished":"2025-03-29","dateModified":"2025-03-29","mainEntityOfPage":"https:\/\/www.oscon.cz\/i-zaclony-mohou-byt-chloubou-vaseho-domova\/","author":{"@type":"Person","@id":"https:\/\/www.oscon.cz\/author\/#Person","name":"","url":"https:\/\/www.oscon.cz\/author\/","identifier":1,"image":{"@type":"ImageObject","@id":"https:\/\/secure.gravatar.com\/avatar\/9bbe1b3bd68cf5b616cc697a459b86e3be4df6c120806baf939f8aad94b0a3d6?s=96&d=mm&r=g","url":"https:\/\/secure.gravatar.com\/avatar\/9bbe1b3bd68cf5b616cc697a459b86e3be4df6c120806baf939f8aad94b0a3d6?s=96&d=mm&r=g","height":96,"width":96}},"publisher":{"@type":"Organization","name":"oscon.cz","logo":{"@type":"ImageObject","@id":"\/logo.png","url":"\/logo.png","width":600,"height":60}},"image":null,"wordCount":266,"keywords":null},{"@type":"Article","@id":"https:\/\/www.oscon.cz\/batohy-treksport\/","headline":"Batohy Treksport","url":"https:\/\/www.oscon.cz\/batohy-treksport\/","datePublished":"2025-03-21","dateModified":"2025-03-21","mainEntityOfPage":"https:\/\/www.oscon.cz\/batohy-treksport\/","author":{"@type":"Person","@id":"https:\/\/www.oscon.cz\/author\/#Person","name":"","url":"https:\/\/www.oscon.cz\/author\/","identifier":1,"image":{"@type":"ImageObject","@id":"https:\/\/secure.gravatar.com\/avatar\/9bbe1b3bd68cf5b616cc697a459b86e3be4df6c120806baf939f8aad94b0a3d6?s=96&d=mm&r=g","url":"https:\/\/secure.gravatar.com\/avatar\/9bbe1b3bd68cf5b616cc697a459b86e3be4df6c120806baf939f8aad94b0a3d6?s=96&d=mm&r=g","height":96,"width":96}},"publisher":{"@type":"Organization","name":"oscon.cz","logo":{"@type":"ImageObject","@id":"\/logo.png","url":"\/logo.png","width":600,"height":60}},"image":null,"wordCount":212,"keywords":null},{"@type":"Article","@id":"https:\/\/www.oscon.cz\/mnoho-spokojenych-zakaznic\/","headline":"Mnoho spokojen\u00fdch z\u00e1kaznic","url":"https:\/\/www.oscon.cz\/mnoho-spokojenych-zakaznic\/","datePublished":"2025-03-12","dateModified":"2025-03-12","mainEntityOfPage":"https:\/\/www.oscon.cz\/mnoho-spokojenych-zakaznic\/","author":{"@type":"Person","@id":"https:\/\/www.oscon.cz\/author\/#Person","name":"","url":"https:\/\/www.oscon.cz\/author\/","identifier":1,"image":{"@type":"ImageObject","@id":"https:\/\/secure.gravatar.com\/avatar\/9bbe1b3bd68cf5b616cc697a459b86e3be4df6c120806baf939f8aad94b0a3d6?s=96&d=mm&r=g","url":"https:\/\/secure.gravatar.com\/avatar\/9bbe1b3bd68cf5b616cc697a459b86e3be4df6c120806baf939f8aad94b0a3d6?s=96&d=mm&r=g","height":96,"width":96}},"publisher":{"@type":"Organization","name":"oscon.cz","logo":{"@type":"ImageObject","@id":"\/logo.png","url":"\/logo.png","width":600,"height":60}},"image":null,"wordCount":247,"keywords":null},{"@type":"Article","@id":"https:\/\/www.oscon.cz\/povleceni-na-postele\/","headline":"Povle\u010den\u00ed na postele","url":"https:\/\/www.oscon.cz\/povleceni-na-postele\/","datePublished":"2025-03-04","dateModified":"2025-03-04","mainEntityOfPage":"https:\/\/www.oscon.cz\/povleceni-na-postele\/","author":{"@type":"Person","@id":"https:\/\/www.oscon.cz\/author\/#Person","name":"","url":"https:\/\/www.oscon.cz\/author\/","identifier":1,"image":{"@type":"ImageObject","@id":"https:\/\/secure.gravatar.com\/avatar\/9bbe1b3bd68cf5b616cc697a459b86e3be4df6c120806baf939f8aad94b0a3d6?s=96&d=mm&r=g","url":"https:\/\/secure.gravatar.com\/avatar\/9bbe1b3bd68cf5b616cc697a459b86e3be4df6c120806baf939f8aad94b0a3d6?s=96&d=mm&r=g","height":96,"width":96}},"publisher":{"@type":"Organization","name":"oscon.cz","logo":{"@type":"ImageObject","@id":"\/logo.png","url":"\/logo.png","width":600,"height":60}},"image":null,"wordCount":237,"keywords":null}]},{"@context":"https:\/\/schema.org","@type":"WebSite","@id":"https:\/\/www.oscon.cz\/#website","name":"Oscon","url":"https:\/\/www.oscon.cz","potentialAction":{"@type":"SearchAction","target":"https:\/\/www.oscon.cz\/?s={search_term_string}","query-input":"required name=search_term_string"}}]