[{"@context":"https:\/\/schema.org\/","@type":"Article","@id":"https:\/\/www.oscon.cz\/moderni-kuchyne-praha\/#Article","mainEntityOfPage":"https:\/\/www.oscon.cz\/moderni-kuchyne-praha\/","headline":"Modern\u00ed kuchyn\u011b Praha","name":"Modern\u00ed kuchyn\u011b Praha","description":"V ka\u017ed\u00e9m p\u0159\u00edpad\u011b modern\u00ed kuchyn\u011b Praha Pod t\u00edmto pojmem si dnes m\u016f\u017eete p\u0159edstavit z\u00e1kladn\u00ed \u0159adu vysoce kvalitn\u00edch kuchyn\u00ed, masivn\u00ed z p\u0159\u00edrodn\u00edch materi\u00e1l\u016f i lakovan\u00e9 stylov\u00e9 kuchyn\u011b. V ka\u017ed\u00e9m p\u0159\u00edpad\u011b modern\u00ed kuchyn\u011b Praha V\u00e1m nab\u00edzej\u00ed sv\u00e9 slu\u017eby v pra\u017esk\u00e9m regionu a okol\u00ed. Modern\u00ed kuchyn\u011b Praha Dnes ji\u017e nen\u00ed rozd\u00edl v designu a v kvalit\u011b, je to...","datePublished":"2025-02-26","dateModified":"2025-02-26","author":{"@type":"Person","@id":"https:\/\/www.oscon.cz\/author\/#Person","name":"","url":"https:\/\/www.oscon.cz\/author\/","identifier":1,"image":{"@type":"ImageObject","@id":"https:\/\/secure.gravatar.com\/avatar\/9bbe1b3bd68cf5b616cc697a459b86e3be4df6c120806baf939f8aad94b0a3d6?s=96&d=mm&r=g","url":"https:\/\/secure.gravatar.com\/avatar\/9bbe1b3bd68cf5b616cc697a459b86e3be4df6c120806baf939f8aad94b0a3d6?s=96&d=mm&r=g","height":96,"width":96}},"publisher":{"@type":"Organization","name":"oscon.cz","logo":{"@type":"ImageObject","@id":"\/logo.png","url":"\/logo.png","width":600,"height":60}},"url":"https:\/\/www.oscon.cz\/moderni-kuchyne-praha\/","wordCount":195,"articleBody":"V ka\u017ed\u00e9m p\u0159\u00edpad\u011b modern\u00ed kuchyn\u011b Praha  Pod t\u00edmto pojmem si dnes m\u016f\u017eete p\u0159edstavit z\u00e1kladn\u00ed \u0159adu vysoce kvalitn\u00edch kuchyn\u00ed, masivn\u00ed z p\u0159\u00edrodn\u00edch materi\u00e1l\u016f i lakovan\u00e9 stylov\u00e9 kuchyn\u011b. V ka\u017ed\u00e9m p\u0159\u00edpad\u011b modern\u00ed kuchyn\u011b Praha V\u00e1m nab\u00edzej\u00ed sv\u00e9 slu\u017eby v pra\u017esk\u00e9m regionu a okol\u00ed. Modern\u00ed kuchyn\u011b Praha  Dnes ji\u017e nen\u00ed rozd\u00edl v designu a v kvalit\u011b, je to v n\u00e1padech a za\u010dlen\u011bn\u00ed v interi\u00e9ru. V\u00e1\u0161 vlastn\u00ed n\u00e1vrh a projekt z d\u00edlny modern\u00ed kuchyn\u011b Praha je spolupr\u00e1ce na materi\u00e1lu, barv\u00e1ch, v\u00fdb\u011bru spot\u0159ebi\u010d\u016f. Je to design podle V\u00e1s a na\u0161\u00edm \u00fakolem je efektivn\u00ed funk\u010dnost. Kuchy\u0148 jako ob\u00fdvac\u00ed m\u00edstnost Setk\u00e1v\u00e1me se s t\u00edm b\u011b\u017en\u011b. Tr\u00e1v\u00edme v kuchyni hodn\u011b \u010dasu, sch\u00e1z\u00edme se v n\u00ed s p\u0159\u00e1teli, sou\u010d\u00e1st\u00ed b\u00fdv\u00e1 i bar \u010di j\u00eddelna. Pokud se chyst\u00e1te n\u011bco zm\u011bnit, pod\u00edvejte se na na\u0161e prezentace. Solidn\u00ed modern\u00ed kuchyn\u011b Praha je individu\u00e1ln\u00ed a kvalitn\u00ed \u0159e\u0161en\u00ed pro V\u00e1s.                                                                                                                                                                                                                                                                                                                                                                                        5\/5 - (3 votes)        "},{"@context":"https:\/\/schema.org\/","@type":"BreadcrumbList","itemListElement":[{"@type":"ListItem","position":1,"name":"Modern\u00ed kuchyn\u011b Praha","item":"https:\/\/www.oscon.cz\/moderni-kuchyne-praha\/#breadcrumbitem"}]}]