{"@context":"https:\/\/schema.org\/","@type":"CollectionPage","@id":"https:\/\/www.oscon.cz\/dum-a-byt\/#CollectionPage","headline":"D\u016fm a byt Category","description":"","url":"https:\/\/www.oscon.cz\/dum-a-byt\/","hasPart":[{"@type":"Article","@id":"https:\/\/www.oscon.cz\/stehovani-vseho-druhu\/","headline":"St\u011bhov\u00e1n\u00ed v\u0161eho druhu","url":"https:\/\/www.oscon.cz\/stehovani-vseho-druhu\/","datePublished":"2022-09-20","dateModified":"2023-10-10","mainEntityOfPage":"https:\/\/www.oscon.cz\/stehovani-vseho-druhu\/","author":{"@type":"Person","@id":"https:\/\/www.oscon.cz\/author\/#Person","name":"","url":"https:\/\/www.oscon.cz\/author\/","identifier":1,"image":{"@type":"ImageObject","@id":"https:\/\/secure.gravatar.com\/avatar\/9bbe1b3bd68cf5b616cc697a459b86e3be4df6c120806baf939f8aad94b0a3d6?s=96&d=mm&r=g","url":"https:\/\/secure.gravatar.com\/avatar\/9bbe1b3bd68cf5b616cc697a459b86e3be4df6c120806baf939f8aad94b0a3d6?s=96&d=mm&r=g","height":96,"width":96}},"publisher":{"@type":"Organization","name":"oscon.cz","logo":{"@type":"ImageObject","@id":"\/logo.png","url":"\/logo.png","width":600,"height":60}},"image":{"@type":"ImageObject","@id":"https:\/\/www.oscon.cz\/wp-content\/uploads\/truck-g22ecd76ad_1920.png","url":"https:\/\/www.oscon.cz\/wp-content\/uploads\/truck-g22ecd76ad_1920.png","height":0,"width":0},"keywords":null},{"@type":"Article","@id":"https:\/\/www.oscon.cz\/co-vse-pro-nas-muze-udelat-interierovy-architekt\/","headline":"Co v\u0161e pro n\u00e1s m\u016f\u017ee ud\u011blat interi\u00e9rov\u00fd architekt","url":"https:\/\/www.oscon.cz\/co-vse-pro-nas-muze-udelat-interierovy-architekt\/","datePublished":"2021-03-19","dateModified":"2023-05-22","mainEntityOfPage":"https:\/\/www.oscon.cz\/co-vse-pro-nas-muze-udelat-interierovy-architekt\/","author":{"@type":"Person","@id":"https:\/\/www.oscon.cz\/author\/#Person","name":"","url":"https:\/\/www.oscon.cz\/author\/","identifier":1,"image":{"@type":"ImageObject","@id":"https:\/\/secure.gravatar.com\/avatar\/9bbe1b3bd68cf5b616cc697a459b86e3be4df6c120806baf939f8aad94b0a3d6?s=96&d=mm&r=g","url":"https:\/\/secure.gravatar.com\/avatar\/9bbe1b3bd68cf5b616cc697a459b86e3be4df6c120806baf939f8aad94b0a3d6?s=96&d=mm&r=g","height":96,"width":96}},"publisher":{"@type":"Organization","name":"oscon.cz","logo":{"@type":"ImageObject","@id":"\/logo.png","url":"\/logo.png","width":600,"height":60}},"image":{"@type":"ImageObject","@id":"https:\/\/www.oscon.cz\/wp-content\/uploads\/hypoteka1_10_10_10_3.jpg","url":"https:\/\/www.oscon.cz\/wp-content\/uploads\/hypoteka1_10_10_10_3.jpg","height":0,"width":0},"keywords":null},{"@type":"Article","@id":"https:\/\/www.oscon.cz\/o-matraci-se-musi-spravne-pecovat\/","headline":"O matraci se mus\u00ed spr\u00e1vn\u011b pe\u010dovat","url":"https:\/\/www.oscon.cz\/o-matraci-se-musi-spravne-pecovat\/","datePublished":"2020-10-18","dateModified":"2023-05-22","mainEntityOfPage":"https:\/\/www.oscon.cz\/o-matraci-se-musi-spravne-pecovat\/","author":{"@type":"Person","@id":"https:\/\/www.oscon.cz\/author\/#Person","name":"","url":"https:\/\/www.oscon.cz\/author\/","identifier":1,"image":{"@type":"ImageObject","@id":"https:\/\/secure.gravatar.com\/avatar\/9bbe1b3bd68cf5b616cc697a459b86e3be4df6c120806baf939f8aad94b0a3d6?s=96&d=mm&r=g","url":"https:\/\/secure.gravatar.com\/avatar\/9bbe1b3bd68cf5b616cc697a459b86e3be4df6c120806baf939f8aad94b0a3d6?s=96&d=mm&r=g","height":96,"width":96}},"publisher":{"@type":"Organization","name":"oscon.cz","logo":{"@type":"ImageObject","@id":"\/logo.png","url":"\/logo.png","width":600,"height":60}},"image":null,"keywords":null},{"@type":"Article","@id":"https:\/\/www.oscon.cz\/v-cem-spociva-americka-hypoteka-bez-dokladani-prijmu\/","headline":"V \u010dem spo\u010d\u00edv\u00e1 americk\u00e1 hypot\u00e9ka bez dokl\u00e1d\u00e1n\u00ed p\u0159\u00edjm\u016f","url":"https:\/\/www.oscon.cz\/v-cem-spociva-americka-hypoteka-bez-dokladani-prijmu\/","datePublished":"2020-08-15","dateModified":"2023-05-22","mainEntityOfPage":"https:\/\/www.oscon.cz\/v-cem-spociva-americka-hypoteka-bez-dokladani-prijmu\/","author":{"@type":"Person","@id":"https:\/\/www.oscon.cz\/author\/#Person","name":"","url":"https:\/\/www.oscon.cz\/author\/","identifier":1,"image":{"@type":"ImageObject","@id":"https:\/\/secure.gravatar.com\/avatar\/9bbe1b3bd68cf5b616cc697a459b86e3be4df6c120806baf939f8aad94b0a3d6?s=96&d=mm&r=g","url":"https:\/\/secure.gravatar.com\/avatar\/9bbe1b3bd68cf5b616cc697a459b86e3be4df6c120806baf939f8aad94b0a3d6?s=96&d=mm&r=g","height":96,"width":96}},"publisher":{"@type":"Organization","name":"oscon.cz","logo":{"@type":"ImageObject","@id":"\/logo.png","url":"\/logo.png","width":600,"height":60}},"image":{"@type":"ImageObject","@id":"https:\/\/www.oscon.cz\/wp-content\/uploads\/house-2977085_1280_1.jpg","url":"https:\/\/www.oscon.cz\/wp-content\/uploads\/house-2977085_1280_1.jpg","height":0,"width":0},"keywords":null},{"@type":"Article","@id":"https:\/\/www.oscon.cz\/je-zavesna-houpacka-bezpecna\/","headline":"Je z\u00e1v\u011bsn\u00e1 houpa\u010dka bezpe\u010dn\u00e1?","url":"https:\/\/www.oscon.cz\/je-zavesna-houpacka-bezpecna\/","datePublished":"2020-08-08","dateModified":"2023-05-31","mainEntityOfPage":"https:\/\/www.oscon.cz\/je-zavesna-houpacka-bezpecna\/","author":{"@type":"Person","@id":"https:\/\/www.oscon.cz\/author\/#Person","name":"","url":"https:\/\/www.oscon.cz\/author\/","identifier":1,"image":{"@type":"ImageObject","@id":"https:\/\/secure.gravatar.com\/avatar\/9bbe1b3bd68cf5b616cc697a459b86e3be4df6c120806baf939f8aad94b0a3d6?s=96&d=mm&r=g","url":"https:\/\/secure.gravatar.com\/avatar\/9bbe1b3bd68cf5b616cc697a459b86e3be4df6c120806baf939f8aad94b0a3d6?s=96&d=mm&r=g","height":96,"width":96}},"publisher":{"@type":"Organization","name":"oscon.cz","logo":{"@type":"ImageObject","@id":"\/logo.png","url":"\/logo.png","width":600,"height":60}},"image":{"@type":"ImageObject","@id":"https:\/\/www.oscon.cz\/wp-content\/uploads\/zhoupacka1_1.jpg","url":"https:\/\/www.oscon.cz\/wp-content\/uploads\/zhoupacka1_1.jpg","height":0,"width":0},"keywords":null},{"@type":"Article","@id":"https:\/\/www.oscon.cz\/lze-pestovat-jablone-v-byte\/","headline":"Lze p\u011bstovat jablon\u011b v byt\u011b?","url":"https:\/\/www.oscon.cz\/lze-pestovat-jablone-v-byte\/","datePublished":"2019-11-13","dateModified":"2023-05-22","mainEntityOfPage":"https:\/\/www.oscon.cz\/lze-pestovat-jablone-v-byte\/","author":{"@type":"Person","@id":"https:\/\/www.oscon.cz\/author\/#Person","name":"","url":"https:\/\/www.oscon.cz\/author\/","identifier":1,"image":{"@type":"ImageObject","@id":"https:\/\/secure.gravatar.com\/avatar\/9bbe1b3bd68cf5b616cc697a459b86e3be4df6c120806baf939f8aad94b0a3d6?s=96&d=mm&r=g","url":"https:\/\/secure.gravatar.com\/avatar\/9bbe1b3bd68cf5b616cc697a459b86e3be4df6c120806baf939f8aad94b0a3d6?s=96&d=mm&r=g","height":96,"width":96}},"publisher":{"@type":"Organization","name":"oscon.cz","logo":{"@type":"ImageObject","@id":"\/logo.png","url":"\/logo.png","width":600,"height":60}},"image":{"@type":"ImageObject","@id":"https:\/\/www.oscon.cz\/wp-content\/uploads\/img_a361357_w3361_t1574605109.jpg","url":"https:\/\/www.oscon.cz\/wp-content\/uploads\/img_a361357_w3361_t1574605109.jpg","height":0,"width":0},"keywords":null},{"@type":"Article","@id":"https:\/\/www.oscon.cz\/mobilni-drevostavba-jako-idealni-sezonni-bydleni\/","headline":"Mobiln\u00ed d\u0159evostavba jako ide\u00e1ln\u00ed sez\u00f3nn\u00ed bydlen\u00ed","url":"https:\/\/www.oscon.cz\/mobilni-drevostavba-jako-idealni-sezonni-bydleni\/","datePublished":"2019-09-22","dateModified":"2023-05-22","mainEntityOfPage":"https:\/\/www.oscon.cz\/mobilni-drevostavba-jako-idealni-sezonni-bydleni\/","author":{"@type":"Person","@id":"https:\/\/www.oscon.cz\/author\/#Person","name":"","url":"https:\/\/www.oscon.cz\/author\/","identifier":1,"image":{"@type":"ImageObject","@id":"https:\/\/secure.gravatar.com\/avatar\/9bbe1b3bd68cf5b616cc697a459b86e3be4df6c120806baf939f8aad94b0a3d6?s=96&d=mm&r=g","url":"https:\/\/secure.gravatar.com\/avatar\/9bbe1b3bd68cf5b616cc697a459b86e3be4df6c120806baf939f8aad94b0a3d6?s=96&d=mm&r=g","height":96,"width":96}},"publisher":{"@type":"Organization","name":"oscon.cz","logo":{"@type":"ImageObject","@id":"\/logo.png","url":"\/logo.png","width":600,"height":60}},"image":{"@type":"ImageObject","@id":"https:\/\/www.oscon.cz\/wp-content\/uploads\/img_a342921_w3185_t1556085328.jpg","url":"https:\/\/www.oscon.cz\/wp-content\/uploads\/img_a342921_w3185_t1556085328.jpg","height":0,"width":0},"keywords":null},{"@type":"Article","@id":"https:\/\/www.oscon.cz\/5-typu-jak-si-zprijemnit-ziti-na-malem-prostoru\/","headline":"5 typ\u016f jak si zp\u0159\u00edjemnit \u017eit\u00ed na mal\u00e9m prostoru","url":"https:\/\/www.oscon.cz\/5-typu-jak-si-zprijemnit-ziti-na-malem-prostoru\/","datePublished":"2019-09-21","dateModified":"2023-05-22","mainEntityOfPage":"https:\/\/www.oscon.cz\/5-typu-jak-si-zprijemnit-ziti-na-malem-prostoru\/","author":{"@type":"Person","@id":"https:\/\/www.oscon.cz\/author\/#Person","name":"","url":"https:\/\/www.oscon.cz\/author\/","identifier":1,"image":{"@type":"ImageObject","@id":"https:\/\/secure.gravatar.com\/avatar\/9bbe1b3bd68cf5b616cc697a459b86e3be4df6c120806baf939f8aad94b0a3d6?s=96&d=mm&r=g","url":"https:\/\/secure.gravatar.com\/avatar\/9bbe1b3bd68cf5b616cc697a459b86e3be4df6c120806baf939f8aad94b0a3d6?s=96&d=mm&r=g","height":96,"width":96}},"publisher":{"@type":"Organization","name":"oscon.cz","logo":{"@type":"ImageObject","@id":"\/logo.png","url":"\/logo.png","width":600,"height":60}},"image":{"@type":"ImageObject","@id":"https:\/\/www.oscon.cz\/wp-content\/uploads\/img_a354780_w3025_t1569334065.jpg","url":"https:\/\/www.oscon.cz\/wp-content\/uploads\/img_a354780_w3025_t1569334065.jpg","height":0,"width":0},"keywords":null},{"@type":"Article","@id":"https:\/\/www.oscon.cz\/co-dokazou-vysokotlake-vybojky\/","headline":"Co dok\u00e1\u017eou vysokotlak\u00e9 v\u00fdbojky","url":"https:\/\/www.oscon.cz\/co-dokazou-vysokotlake-vybojky\/","datePublished":"2019-08-21","dateModified":"2023-05-22","mainEntityOfPage":"https:\/\/www.oscon.cz\/co-dokazou-vysokotlake-vybojky\/","author":{"@type":"Person","@id":"https:\/\/www.oscon.cz\/author\/#Person","name":"","url":"https:\/\/www.oscon.cz\/author\/","identifier":1,"image":{"@type":"ImageObject","@id":"https:\/\/secure.gravatar.com\/avatar\/9bbe1b3bd68cf5b616cc697a459b86e3be4df6c120806baf939f8aad94b0a3d6?s=96&d=mm&r=g","url":"https:\/\/secure.gravatar.com\/avatar\/9bbe1b3bd68cf5b616cc697a459b86e3be4df6c120806baf939f8aad94b0a3d6?s=96&d=mm&r=g","height":96,"width":96}},"publisher":{"@type":"Organization","name":"oscon.cz","logo":{"@type":"ImageObject","@id":"\/logo.png","url":"\/logo.png","width":600,"height":60}},"image":{"@type":"ImageObject","@id":"https:\/\/www.oscon.cz\/wp-content\/uploads\/img_a363201_w3789_t1575990012.jpg","url":"https:\/\/www.oscon.cz\/wp-content\/uploads\/img_a363201_w3789_t1575990012.jpg","height":0,"width":0},"keywords":null},{"@type":"Article","@id":"https:\/\/www.oscon.cz\/materialy-pro-kuchynske-desky\/","headline":"Materi\u00e1ly pro kuchy\u0148sk\u00e9 desky","url":"https:\/\/www.oscon.cz\/materialy-pro-kuchynske-desky\/","datePublished":"2018-11-21","dateModified":"2023-05-22","mainEntityOfPage":"https:\/\/www.oscon.cz\/materialy-pro-kuchynske-desky\/","author":{"@type":"Person","@id":"https:\/\/www.oscon.cz\/author\/#Person","name":"","url":"https:\/\/www.oscon.cz\/author\/","identifier":1,"image":{"@type":"ImageObject","@id":"https:\/\/secure.gravatar.com\/avatar\/9bbe1b3bd68cf5b616cc697a459b86e3be4df6c120806baf939f8aad94b0a3d6?s=96&d=mm&r=g","url":"https:\/\/secure.gravatar.com\/avatar\/9bbe1b3bd68cf5b616cc697a459b86e3be4df6c120806baf939f8aad94b0a3d6?s=96&d=mm&r=g","height":96,"width":96}},"publisher":{"@type":"Organization","name":"oscon.cz","logo":{"@type":"ImageObject","@id":"\/logo.png","url":"\/logo.png","width":600,"height":60}},"image":{"@type":"ImageObject","@id":"https:\/\/www.oscon.cz\/wp-content\/uploads\/img_a334492_w2804_t1548097890.jpg","url":"https:\/\/www.oscon.cz\/wp-content\/uploads\/img_a334492_w2804_t1548097890.jpg","height":0,"width":0},"keywords":null}]}