[{"@context":"https:\/\/schema.org\/","@type":"Blog","@id":"https:\/\/www.oscon.cz#Blog","headline":"Oscon","description":"\nPravda z\u016fstane v\u017edycky pravdou a le\u017e z\u016fstane v\u017edy l\u017e\u00ed. To je odv\u011bk\u00e1 pravda. A na na\u0161em webu to ct\u00edme a nevyd\u00e1v\u00e1me tak z\u00e1sadn\u011b \u017e\u00e1dnou le\u017e za pravdu.","url":"https:\/\/www.oscon.cz","hasPart":[{"@type":"Article","@id":"https:\/\/www.oscon.cz\/stehovani-jako-krok-k-novym-prilezitostem\/","headline":"St\u011bhov\u00e1n\u00ed jako krok k nov\u00fdm p\u0159\u00edle\u017eitostem","url":"https:\/\/www.oscon.cz\/stehovani-jako-krok-k-novym-prilezitostem\/","datePublished":"2026-01-13","dateModified":"2026-01-13","mainEntityOfPage":"https:\/\/www.oscon.cz\/stehovani-jako-krok-k-novym-prilezitostem\/","author":{"@type":"Person","@id":"https:\/\/www.oscon.cz\/author\/#Person","name":"","url":"https:\/\/www.oscon.cz\/author\/","identifier":1,"image":{"@type":"ImageObject","@id":"https:\/\/secure.gravatar.com\/avatar\/9bbe1b3bd68cf5b616cc697a459b86e3be4df6c120806baf939f8aad94b0a3d6?s=96&d=mm&r=g","url":"https:\/\/secure.gravatar.com\/avatar\/9bbe1b3bd68cf5b616cc697a459b86e3be4df6c120806baf939f8aad94b0a3d6?s=96&d=mm&r=g","height":96,"width":96}},"publisher":{"@type":"Organization","name":"oscon.cz","logo":{"@type":"ImageObject","@id":"\/logo.png","url":"\/logo.png","width":600,"height":60}},"image":{"@type":"ImageObject","@id":"https:\/\/www.oscon.cz\/wp-content\/uploads\/joost-k-skyline-maastricht-110969_1920.jpg","url":"https:\/\/www.oscon.cz\/wp-content\/uploads\/joost-k-skyline-maastricht-110969_1920.jpg","height":0,"width":0},"wordCount":615,"keywords":null},{"@type":"Article","@id":"https:\/\/www.oscon.cz\/dvere-do-domu\/","headline":"Dve\u0159e do domu","url":"https:\/\/www.oscon.cz\/dvere-do-domu\/","datePublished":"2025-12-23","dateModified":"2025-12-23","mainEntityOfPage":"https:\/\/www.oscon.cz\/dvere-do-domu\/","author":{"@type":"Person","@id":"https:\/\/www.oscon.cz\/author\/#Person","name":"","url":"https:\/\/www.oscon.cz\/author\/","identifier":1,"image":{"@type":"ImageObject","@id":"https:\/\/secure.gravatar.com\/avatar\/9bbe1b3bd68cf5b616cc697a459b86e3be4df6c120806baf939f8aad94b0a3d6?s=96&d=mm&r=g","url":"https:\/\/secure.gravatar.com\/avatar\/9bbe1b3bd68cf5b616cc697a459b86e3be4df6c120806baf939f8aad94b0a3d6?s=96&d=mm&r=g","height":96,"width":96}},"publisher":{"@type":"Organization","name":"oscon.cz","logo":{"@type":"ImageObject","@id":"\/logo.png","url":"\/logo.png","width":600,"height":60}},"image":{"@type":"ImageObject","@id":"https:\/\/www.oscon.cz\/wp-content\/uploads\/pexels-harrisonhaines-2869565.jpg","url":"https:\/\/www.oscon.cz\/wp-content\/uploads\/pexels-harrisonhaines-2869565.jpg","height":0,"width":0},"wordCount":632,"keywords":null},{"@type":"Article","@id":"https:\/\/www.oscon.cz\/v-ceskych-budejovicich-ma-u-nemocnice-vyrust-novy-most-pres-vltavu\/","headline":"V \u010cesk\u00fdch Bud\u011bjovic\u00edch m\u00e1 u nemocnice vyr\u016fst nov\u00fd most p\u0159es Vltavu","url":"https:\/\/www.oscon.cz\/v-ceskych-budejovicich-ma-u-nemocnice-vyrust-novy-most-pres-vltavu\/","datePublished":"2025-12-02","dateModified":"2025-12-02","mainEntityOfPage":"https:\/\/www.oscon.cz\/v-ceskych-budejovicich-ma-u-nemocnice-vyrust-novy-most-pres-vltavu\/","author":{"@type":"Person","@id":"https:\/\/www.oscon.cz\/author\/#Person","name":"","url":"https:\/\/www.oscon.cz\/author\/","identifier":1,"image":{"@type":"ImageObject","@id":"https:\/\/secure.gravatar.com\/avatar\/9bbe1b3bd68cf5b616cc697a459b86e3be4df6c120806baf939f8aad94b0a3d6?s=96&d=mm&r=g","url":"https:\/\/secure.gravatar.com\/avatar\/9bbe1b3bd68cf5b616cc697a459b86e3be4df6c120806baf939f8aad94b0a3d6?s=96&d=mm&r=g","height":96,"width":96}},"publisher":{"@type":"Organization","name":"oscon.cz","logo":{"@type":"ImageObject","@id":"\/logo.png","url":"\/logo.png","width":600,"height":60}},"image":{"@type":"ImageObject","@id":"https:\/\/www.oscon.cz\/wp-content\/uploads\/czech-4489869_640_10_10_9.jpg","url":"https:\/\/www.oscon.cz\/wp-content\/uploads\/czech-4489869_640_10_10_9.jpg","height":0,"width":0},"wordCount":520,"keywords":null},{"@type":"Article","@id":"https:\/\/www.oscon.cz\/male-nebankovni-pujcky-nabizi-celou-radu-ruznych-cest\/","headline":"Mal\u00e9 nebankovn\u00ed p\u016fj\u010dky nab\u00edz\u00ed celou \u0159adu r\u016fzn\u00fdch cest","url":"https:\/\/www.oscon.cz\/male-nebankovni-pujcky-nabizi-celou-radu-ruznych-cest\/","datePublished":"2025-11-07","dateModified":"2025-11-07","mainEntityOfPage":"https:\/\/www.oscon.cz\/male-nebankovni-pujcky-nabizi-celou-radu-ruznych-cest\/","author":{"@type":"Person","@id":"https:\/\/www.oscon.cz\/author\/#Person","name":"","url":"https:\/\/www.oscon.cz\/author\/","identifier":1,"image":{"@type":"ImageObject","@id":"https:\/\/secure.gravatar.com\/avatar\/9bbe1b3bd68cf5b616cc697a459b86e3be4df6c120806baf939f8aad94b0a3d6?s=96&d=mm&r=g","url":"https:\/\/secure.gravatar.com\/avatar\/9bbe1b3bd68cf5b616cc697a459b86e3be4df6c120806baf939f8aad94b0a3d6?s=96&d=mm&r=g","height":96,"width":96}},"publisher":{"@type":"Organization","name":"oscon.cz","logo":{"@type":"ImageObject","@id":"\/logo.png","url":"\/logo.png","width":600,"height":60}},"image":{"@type":"ImageObject","@id":"https:\/\/www.oscon.cz\/wp-content\/uploads\/finance_z1ClGK.jpg","url":"https:\/\/www.oscon.cz\/wp-content\/uploads\/finance_z1ClGK.jpg","height":0,"width":0},"wordCount":782,"keywords":null},{"@type":"Article","@id":"https:\/\/www.oscon.cz\/chudi-lide-nejsou-spokojeni\/","headline":"Chud\u00ed lid\u00e9 nejsou spokojen\u00ed","url":"https:\/\/www.oscon.cz\/chudi-lide-nejsou-spokojeni\/","datePublished":"2025-11-07","dateModified":"2025-11-07","mainEntityOfPage":"https:\/\/www.oscon.cz\/chudi-lide-nejsou-spokojeni\/","author":{"@type":"Person","@id":"https:\/\/www.oscon.cz\/author\/#Person","name":"","url":"https:\/\/www.oscon.cz\/author\/","identifier":1,"image":{"@type":"ImageObject","@id":"https:\/\/secure.gravatar.com\/avatar\/9bbe1b3bd68cf5b616cc697a459b86e3be4df6c120806baf939f8aad94b0a3d6?s=96&d=mm&r=g","url":"https:\/\/secure.gravatar.com\/avatar\/9bbe1b3bd68cf5b616cc697a459b86e3be4df6c120806baf939f8aad94b0a3d6?s=96&d=mm&r=g","height":96,"width":96}},"publisher":{"@type":"Organization","name":"oscon.cz","logo":{"@type":"ImageObject","@id":"\/logo.png","url":"\/logo.png","width":600,"height":60}},"image":{"@type":"ImageObject","@id":"https:\/\/www.oscon.cz\/wp-content\/uploads\/ppppppppppppppppppppppppppppppppppppppppppppppppppppppppppppppppppppp_10_1.jpg","url":"https:\/\/www.oscon.cz\/wp-content\/uploads\/ppppppppppppppppppppppppppppppppppppppppppppppppppppppppppppppppppppp_10_1.jpg","height":0,"width":0},"wordCount":635,"keywords":null},{"@type":"Article","@id":"https:\/\/www.oscon.cz\/online-pujcka-je-resenim-pro-ruzne-necekane-vydaje\/","headline":"Online p\u016fj\u010dka je \u0159e\u0161en\u00edm pro r\u016fzn\u00e9 ne\u010dekan\u00e9 v\u00fddaje","url":"https:\/\/www.oscon.cz\/online-pujcka-je-resenim-pro-ruzne-necekane-vydaje\/","datePublished":"2025-10-14","dateModified":"2025-10-14","mainEntityOfPage":"https:\/\/www.oscon.cz\/online-pujcka-je-resenim-pro-ruzne-necekane-vydaje\/","author":{"@type":"Person","@id":"https:\/\/www.oscon.cz\/author\/#Person","name":"","url":"https:\/\/www.oscon.cz\/author\/","identifier":1,"image":{"@type":"ImageObject","@id":"https:\/\/secure.gravatar.com\/avatar\/9bbe1b3bd68cf5b616cc697a459b86e3be4df6c120806baf939f8aad94b0a3d6?s=96&d=mm&r=g","url":"https:\/\/secure.gravatar.com\/avatar\/9bbe1b3bd68cf5b616cc697a459b86e3be4df6c120806baf939f8aad94b0a3d6?s=96&d=mm&r=g","height":96,"width":96}},"publisher":{"@type":"Organization","name":"oscon.cz","logo":{"@type":"ImageObject","@id":"\/logo.png","url":"\/logo.png","width":600,"height":60}},"image":{"@type":"ImageObject","@id":"https:\/\/www.oscon.cz\/wp-content\/uploads\/pujcka_girMov.jpg","url":"https:\/\/www.oscon.cz\/wp-content\/uploads\/pujcka_girMov.jpg","height":0,"width":0},"wordCount":1360,"keywords":null},{"@type":"Article","@id":"https:\/\/www.oscon.cz\/jak-roste-a-zpracovava-se-kratom\/","headline":"Jak roste a zpracov\u00e1v\u00e1 se kratom?","url":"https:\/\/www.oscon.cz\/jak-roste-a-zpracovava-se-kratom\/","datePublished":"2025-09-03","dateModified":"2025-09-03","mainEntityOfPage":"https:\/\/www.oscon.cz\/jak-roste-a-zpracovava-se-kratom\/","author":{"@type":"Person","@id":"https:\/\/www.oscon.cz\/author\/#Person","name":"","url":"https:\/\/www.oscon.cz\/author\/","identifier":1,"image":{"@type":"ImageObject","@id":"https:\/\/secure.gravatar.com\/avatar\/9bbe1b3bd68cf5b616cc697a459b86e3be4df6c120806baf939f8aad94b0a3d6?s=96&d=mm&r=g","url":"https:\/\/secure.gravatar.com\/avatar\/9bbe1b3bd68cf5b616cc697a459b86e3be4df6c120806baf939f8aad94b0a3d6?s=96&d=mm&r=g","height":96,"width":96}},"publisher":{"@type":"Organization","name":"oscon.cz","logo":{"@type":"ImageObject","@id":"\/logo.png","url":"\/logo.png","width":600,"height":60}},"image":{"@type":"ImageObject","@id":"https:\/\/www.oscon.cz\/wp-content\/uploads\/testeur-de-cbd-9kEFsEVKyjI-unsplash.jpg","url":"https:\/\/www.oscon.cz\/wp-content\/uploads\/testeur-de-cbd-9kEFsEVKyjI-unsplash.jpg","height":0,"width":0},"wordCount":543,"keywords":null},{"@type":"Article","@id":"https:\/\/www.oscon.cz\/pastva-pro-dusi\/","headline":"Pastva pro du\u0161i","url":"https:\/\/www.oscon.cz\/pastva-pro-dusi\/","datePublished":"2025-08-15","dateModified":"2025-08-15","mainEntityOfPage":"https:\/\/www.oscon.cz\/pastva-pro-dusi\/","author":{"@type":"Person","@id":"https:\/\/www.oscon.cz\/author\/#Person","name":"","url":"https:\/\/www.oscon.cz\/author\/","identifier":1,"image":{"@type":"ImageObject","@id":"https:\/\/secure.gravatar.com\/avatar\/9bbe1b3bd68cf5b616cc697a459b86e3be4df6c120806baf939f8aad94b0a3d6?s=96&d=mm&r=g","url":"https:\/\/secure.gravatar.com\/avatar\/9bbe1b3bd68cf5b616cc697a459b86e3be4df6c120806baf939f8aad94b0a3d6?s=96&d=mm&r=g","height":96,"width":96}},"publisher":{"@type":"Organization","name":"oscon.cz","logo":{"@type":"ImageObject","@id":"\/logo.png","url":"\/logo.png","width":600,"height":60}},"image":{"@type":"ImageObject","@id":"https:\/\/www.oscon.cz\/wp-content\/uploads\/water-lily-3485793_640.jpg","url":"https:\/\/www.oscon.cz\/wp-content\/uploads\/water-lily-3485793_640.jpg","height":0,"width":0},"wordCount":601,"keywords":null},{"@type":"Article","@id":"https:\/\/www.oscon.cz\/plastova-okna-pro-vase-poteseni\/","headline":"Plastov\u00e1 okna pro va\u0161e pot\u011b\u0161en\u00ed","url":"https:\/\/www.oscon.cz\/plastova-okna-pro-vase-poteseni\/","datePublished":"2025-08-11","dateModified":"2025-08-11","mainEntityOfPage":"https:\/\/www.oscon.cz\/plastova-okna-pro-vase-poteseni\/","author":{"@type":"Person","@id":"https:\/\/www.oscon.cz\/author\/#Person","name":"","url":"https:\/\/www.oscon.cz\/author\/","identifier":1,"image":{"@type":"ImageObject","@id":"https:\/\/secure.gravatar.com\/avatar\/9bbe1b3bd68cf5b616cc697a459b86e3be4df6c120806baf939f8aad94b0a3d6?s=96&d=mm&r=g","url":"https:\/\/secure.gravatar.com\/avatar\/9bbe1b3bd68cf5b616cc697a459b86e3be4df6c120806baf939f8aad94b0a3d6?s=96&d=mm&r=g","height":96,"width":96}},"publisher":{"@type":"Organization","name":"oscon.cz","logo":{"@type":"ImageObject","@id":"\/logo.png","url":"\/logo.png","width":600,"height":60}},"image":{"@type":"ImageObject","@id":"https:\/\/www.oscon.cz\/wp-content\/uploads\/bungalow-20544_640_10_10_10_10_10_10_10_10_10_10_10_10_10_10_10_10_10_10_10_3.jpg","url":"https:\/\/www.oscon.cz\/wp-content\/uploads\/bungalow-20544_640_10_10_10_10_10_10_10_10_10_10_10_10_10_10_10_10_10_10_10_3.jpg","height":0,"width":0},"wordCount":624,"keywords":null},{"@type":"Article","@id":"https:\/\/www.oscon.cz\/vymena-oken-na-klatovsku-za-nova-okna-z-plastu\/","headline":"V\u00fdm\u011bna oken na Klatovsku za nov\u00e1 okna z plastu","url":"https:\/\/www.oscon.cz\/vymena-oken-na-klatovsku-za-nova-okna-z-plastu\/","datePublished":"2025-07-05","dateModified":"2025-07-05","mainEntityOfPage":"https:\/\/www.oscon.cz\/vymena-oken-na-klatovsku-za-nova-okna-z-plastu\/","author":{"@type":"Person","@id":"https:\/\/www.oscon.cz\/author\/#Person","name":"","url":"https:\/\/www.oscon.cz\/author\/","identifier":1,"image":{"@type":"ImageObject","@id":"https:\/\/secure.gravatar.com\/avatar\/9bbe1b3bd68cf5b616cc697a459b86e3be4df6c120806baf939f8aad94b0a3d6?s=96&d=mm&r=g","url":"https:\/\/secure.gravatar.com\/avatar\/9bbe1b3bd68cf5b616cc697a459b86e3be4df6c120806baf939f8aad94b0a3d6?s=96&d=mm&r=g","height":96,"width":96}},"publisher":{"@type":"Organization","name":"oscon.cz","logo":{"@type":"ImageObject","@id":"\/logo.png","url":"\/logo.png","width":600,"height":60}},"image":{"@type":"ImageObject","@id":"https:\/\/www.oscon.cz\/wp-content\/uploads\/svihov-1927710_640.jpg","url":"https:\/\/www.oscon.cz\/wp-content\/uploads\/svihov-1927710_640.jpg","height":0,"width":0},"wordCount":521,"keywords":null}]},{"@context":"https:\/\/schema.org","@type":"WebSite","@id":"https:\/\/www.oscon.cz\/#website","name":"Oscon","url":"https:\/\/www.oscon.cz","potentialAction":{"@type":"SearchAction","target":"https:\/\/www.oscon.cz\/?s={search_term_string}","query-input":"required name=search_term_string"}}]